{"id":412,"date":"2022-09-13T03:34:23","date_gmt":"2022-09-13T02:34:23","guid":{"rendered":"http:\/\/uwbcsp.com\/index.php\/2022\/09\/13\/camiseta-futbol-arsenal\/"},"modified":"2022-09-13T03:34:23","modified_gmt":"2022-09-13T02:34:23","slug":"camiseta-futbol-arsenal","status":"publish","type":"post","link":"https:\/\/uwbcsp.com\/index.php\/2022\/09\/13\/camiseta-futbol-arsenal\/","title":{"rendered":"camiseta futbol arsenal"},"content":{"rendered":"<p><span style=\"display:block;text-align:center;clear:both\"><a href=\"https:\/\/www.camisetasdefutbolshop.com\/real-madrid-es-001\"><img decoding=\"async\" src=\"https:\/\/www.camisetasdefutbolshop.com\/image\/20220328SX\/polo-ac-milan-2022-2023-rojo-001.jpg\" loading=\"lazy\" style=\"max-width: 345px;\"><\/a><\/span> El franc\u00e9s era de los pocos futbolistas con galones que quedaban en el centro del campo valencianista y uno de los capitanes la temporada anterior, pero el club le pidi\u00f3 una salida en verano por su elevada ficha. En el Campeonato Regional Centro de la temporada 1920 \/ 1921 participaron el Athletic, el Madrid, <a HREF=\"https:\/\/www.camisetasdefutbolshop.com\/manchester-city-es-078\">equipacion manchester city 2023<\/a> la Gimn\u00e1stica y el Racing. El Athletic de Madrid finaliz\u00f3 la competici\u00f3n como campe\u00f3n invicto: 5 victorias y un empate.<\/p>\n<p><span style=\"display:block;text-align:center;clear:both\"><img decoding=\"async\" style=\"max-width: 345px;\" src=\"https:\/\/www.camisetasdefutbolshop.com\/image\/20220222SX\/camiseta-palmeiras-1-equipacion-2022-2023-001.png\" loading=\"lazy\"><\/span><span style=\"display:block;text-align:center;clear:both\"><img decoding=\"async\" loading=\"lazy\" src=\"https:\/\/www.camisetasdefutbolshop.com\/image\/20220310SX\/camiseta-benzema-2023-real-madrid-edicion-conmemorativa-2022-2023-001.png\" style=\"max-width: 345px;\"><\/span><span style=\"display:block;text-align:center;clear:both\"><img style='max-width: 345px;' src='https:\/\/www.camisetasdefutbolshop.com\/image\/20220420SX\/camiseta-de-entrenamiento-chelsea-2022-2023-azul-real-001.jpg' loading='lazy'><\/span><span style=\"display:block;text-align:center;clear:both\"><img decoding=\"async\" loading=\"lazy\" src=\"https:\/\/www.camisetasdefutbolshop.com\/image\/20220523SX\/xunlian\/chaqueta-olympique-marsella-2022-2023-blanco-azul-oscuro-003.jpg\" style=\"max-width: 345px;\"><\/span><span style=\"display:block;text-align:center;clear:both\"><img decoding=\"async\" style=\"max-width: 345px;\" loading=\"lazy\" alt=\"\" src=\"https:\/\/www.camisetasdefutbolshop.com\/image\/20220613SX\/camiseta-barcelona-1-equipacion-2022-2023-baby-001.jpg\"><\/span><span style=\"display:block;text-align:center;clear:both\"><img decoding=\"async\" style=\"max-width: 345px;\" loading=\"lazy\" src=\"https:\/\/www.camisetasdefutbolshop.com\/image\/20220310SX\/camiseta-atlanta-united-2022-2023-verde-claro-002.png\"><\/span><\/p>\n","protected":false},"excerpt":{"rendered":"<p>El franc\u00e9s era de los pocos futbolistas con galones que quedaban en el centro del campo valencianista y uno de los capitanes la temporada anterior, pero el club le pidi\u00f3 una salida en verano por su elevada ficha. En el Campeonato Regional Centro de la temporada 1920 \/ 1921 participaron el Athletic, el Madrid, equipacion [&hellip;]<\/p>\n","protected":false},"author":1,"featured_media":0,"comment_status":"open","ping_status":"open","sticky":false,"template":"","format":"standard","meta":{"footnotes":""},"categories":[1],"tags":[],"class_list":["post-412","post","type-post","status-publish","format-standard","hentry","category-uncategorized"],"yoast_head":"<!-- This site is optimized with the Yoast SEO plugin v26.4 - https:\/\/yoast.com\/wordpress\/plugins\/seo\/ -->\n<title>camiseta futbol arsenal - Camisetas de F\u00fatbol Shop M\u00e1s Barata<\/title>\n<meta name=\"robots\" content=\"index, follow, max-snippet:-1, max-image-preview:large, max-video-preview:-1\" \/>\n<link rel=\"canonical\" href=\"https:\/\/uwbcsp.com\/index.php\/2022\/09\/13\/camiseta-futbol-arsenal\/\" \/>\n<meta property=\"og:locale\" content=\"es_ES\" \/>\n<meta property=\"og:type\" content=\"article\" \/>\n<meta property=\"og:title\" content=\"camiseta futbol arsenal - Camisetas de F\u00fatbol Shop M\u00e1s Barata\" \/>\n<meta property=\"og:description\" content=\"El franc\u00e9s era de los pocos futbolistas con galones que quedaban en el centro del campo valencianista y uno de los capitanes la temporada anterior, pero el club le pidi\u00f3 una salida en verano por su elevada ficha. En el Campeonato Regional Centro de la temporada 1920 \/ 1921 participaron el Athletic, el Madrid, equipacion [&hellip;]\" \/>\n<meta property=\"og:url\" content=\"https:\/\/uwbcsp.com\/index.php\/2022\/09\/13\/camiseta-futbol-arsenal\/\" \/>\n<meta property=\"og:site_name\" content=\"Camisetas de F\u00fatbol Shop M\u00e1s Barata\" \/>\n<meta property=\"article:published_time\" content=\"2022-09-13T02:34:23+00:00\" \/>\n<meta property=\"og:image\" content=\"https:\/\/www.camisetasdefutbolshop.com\/image\/20220420SX\/camiseta-de-entrenamiento-chelsea-2022-2023-azul-real-001.jpg\" \/>\n<meta name=\"author\" content=\"istern\" \/>\n<meta name=\"twitter:card\" content=\"summary_large_image\" \/>\n<meta name=\"twitter:label1\" content=\"Escrito por\" \/>\n\t<meta name=\"twitter:data1\" content=\"istern\" \/>\n<script type=\"application\/ld+json\" class=\"yoast-schema-graph\">{\"@context\":\"https:\/\/schema.org\",\"@graph\":[{\"@type\":\"WebPage\",\"@id\":\"https:\/\/uwbcsp.com\/index.php\/2022\/09\/13\/camiseta-futbol-arsenal\/\",\"url\":\"https:\/\/uwbcsp.com\/index.php\/2022\/09\/13\/camiseta-futbol-arsenal\/\",\"name\":\"camiseta futbol arsenal - Camisetas de F\u00fatbol Shop M\u00e1s Barata\",\"isPartOf\":{\"@id\":\"https:\/\/uwbcsp.com\/#website\"},\"primaryImageOfPage\":{\"@id\":\"https:\/\/uwbcsp.com\/index.php\/2022\/09\/13\/camiseta-futbol-arsenal\/#primaryimage\"},\"image\":{\"@id\":\"https:\/\/uwbcsp.com\/index.php\/2022\/09\/13\/camiseta-futbol-arsenal\/#primaryimage\"},\"thumbnailUrl\":\"https:\/\/www.camisetasdefutbolshop.com\/image\/20220328SX\/polo-ac-milan-2022-2023-rojo-001.jpg\",\"datePublished\":\"2022-09-13T02:34:23+00:00\",\"author\":{\"@id\":\"https:\/\/uwbcsp.com\/#\/schema\/person\/225e5ce20a4211cd78f9637b0bd88025\"},\"breadcrumb\":{\"@id\":\"https:\/\/uwbcsp.com\/index.php\/2022\/09\/13\/camiseta-futbol-arsenal\/#breadcrumb\"},\"inLanguage\":\"es\",\"potentialAction\":[{\"@type\":\"ReadAction\",\"target\":[\"https:\/\/uwbcsp.com\/index.php\/2022\/09\/13\/camiseta-futbol-arsenal\/\"]}]},{\"@type\":\"ImageObject\",\"inLanguage\":\"es\",\"@id\":\"https:\/\/uwbcsp.com\/index.php\/2022\/09\/13\/camiseta-futbol-arsenal\/#primaryimage\",\"url\":\"https:\/\/www.camisetasdefutbolshop.com\/image\/20220328SX\/polo-ac-milan-2022-2023-rojo-001.jpg\",\"contentUrl\":\"https:\/\/www.camisetasdefutbolshop.com\/image\/20220328SX\/polo-ac-milan-2022-2023-rojo-001.jpg\"},{\"@type\":\"BreadcrumbList\",\"@id\":\"https:\/\/uwbcsp.com\/index.php\/2022\/09\/13\/camiseta-futbol-arsenal\/#breadcrumb\",\"itemListElement\":[{\"@type\":\"ListItem\",\"position\":1,\"name\":\"Portada\",\"item\":\"https:\/\/uwbcsp.com\/\"},{\"@type\":\"ListItem\",\"position\":2,\"name\":\"camiseta futbol arsenal\"}]},{\"@type\":\"WebSite\",\"@id\":\"https:\/\/uwbcsp.com\/#website\",\"url\":\"https:\/\/uwbcsp.com\/\",\"name\":\"Camisetas de F\u00fatbol Shop M\u00e1s Barata\",\"description\":\"Somos la tienda online No.1 de camisetas de futbol de los clubs y las selecciones nacionales.\",\"potentialAction\":[{\"@type\":\"SearchAction\",\"target\":{\"@type\":\"EntryPoint\",\"urlTemplate\":\"https:\/\/uwbcsp.com\/?s={search_term_string}\"},\"query-input\":{\"@type\":\"PropertyValueSpecification\",\"valueRequired\":true,\"valueName\":\"search_term_string\"}}],\"inLanguage\":\"es\"},{\"@type\":\"Person\",\"@id\":\"https:\/\/uwbcsp.com\/#\/schema\/person\/225e5ce20a4211cd78f9637b0bd88025\",\"name\":\"istern\",\"image\":{\"@type\":\"ImageObject\",\"inLanguage\":\"es\",\"@id\":\"https:\/\/uwbcsp.com\/#\/schema\/person\/image\/\",\"url\":\"https:\/\/secure.gravatar.com\/avatar\/441284f1d0d8248d0e8d13b9998a4fa1329ffe6b44ebd95b672e6d3e474da24a?s=96&d=mm&r=g\",\"contentUrl\":\"https:\/\/secure.gravatar.com\/avatar\/441284f1d0d8248d0e8d13b9998a4fa1329ffe6b44ebd95b672e6d3e474da24a?s=96&d=mm&r=g\",\"caption\":\"istern\"},\"sameAs\":[\"https:\/\/uwbcsp.com\"],\"url\":\"https:\/\/uwbcsp.com\/index.php\/author\/Quetzalxochitl\/\"}]}<\/script>\n<!-- \/ Yoast SEO plugin. -->","yoast_head_json":{"title":"camiseta futbol arsenal - Camisetas de F\u00fatbol Shop M\u00e1s Barata","robots":{"index":"index","follow":"follow","max-snippet":"max-snippet:-1","max-image-preview":"max-image-preview:large","max-video-preview":"max-video-preview:-1"},"canonical":"https:\/\/uwbcsp.com\/index.php\/2022\/09\/13\/camiseta-futbol-arsenal\/","og_locale":"es_ES","og_type":"article","og_title":"camiseta futbol arsenal - Camisetas de F\u00fatbol Shop M\u00e1s Barata","og_description":"El franc\u00e9s era de los pocos futbolistas con galones que quedaban en el centro del campo valencianista y uno de los capitanes la temporada anterior, pero el club le pidi\u00f3 una salida en verano por su elevada ficha. En el Campeonato Regional Centro de la temporada 1920 \/ 1921 participaron el Athletic, el Madrid, equipacion [&hellip;]","og_url":"https:\/\/uwbcsp.com\/index.php\/2022\/09\/13\/camiseta-futbol-arsenal\/","og_site_name":"Camisetas de F\u00fatbol Shop M\u00e1s Barata","article_published_time":"2022-09-13T02:34:23+00:00","og_image":[{"url":"https:\/\/www.camisetasdefutbolshop.com\/image\/20220420SX\/camiseta-de-entrenamiento-chelsea-2022-2023-azul-real-001.jpg","type":"","width":"","height":""}],"author":"istern","twitter_card":"summary_large_image","twitter_misc":{"Escrito por":"istern"},"schema":{"@context":"https:\/\/schema.org","@graph":[{"@type":"WebPage","@id":"https:\/\/uwbcsp.com\/index.php\/2022\/09\/13\/camiseta-futbol-arsenal\/","url":"https:\/\/uwbcsp.com\/index.php\/2022\/09\/13\/camiseta-futbol-arsenal\/","name":"camiseta futbol arsenal - Camisetas de F\u00fatbol Shop M\u00e1s Barata","isPartOf":{"@id":"https:\/\/uwbcsp.com\/#website"},"primaryImageOfPage":{"@id":"https:\/\/uwbcsp.com\/index.php\/2022\/09\/13\/camiseta-futbol-arsenal\/#primaryimage"},"image":{"@id":"https:\/\/uwbcsp.com\/index.php\/2022\/09\/13\/camiseta-futbol-arsenal\/#primaryimage"},"thumbnailUrl":"https:\/\/www.camisetasdefutbolshop.com\/image\/20220328SX\/polo-ac-milan-2022-2023-rojo-001.jpg","datePublished":"2022-09-13T02:34:23+00:00","author":{"@id":"https:\/\/uwbcsp.com\/#\/schema\/person\/225e5ce20a4211cd78f9637b0bd88025"},"breadcrumb":{"@id":"https:\/\/uwbcsp.com\/index.php\/2022\/09\/13\/camiseta-futbol-arsenal\/#breadcrumb"},"inLanguage":"es","potentialAction":[{"@type":"ReadAction","target":["https:\/\/uwbcsp.com\/index.php\/2022\/09\/13\/camiseta-futbol-arsenal\/"]}]},{"@type":"ImageObject","inLanguage":"es","@id":"https:\/\/uwbcsp.com\/index.php\/2022\/09\/13\/camiseta-futbol-arsenal\/#primaryimage","url":"https:\/\/www.camisetasdefutbolshop.com\/image\/20220328SX\/polo-ac-milan-2022-2023-rojo-001.jpg","contentUrl":"https:\/\/www.camisetasdefutbolshop.com\/image\/20220328SX\/polo-ac-milan-2022-2023-rojo-001.jpg"},{"@type":"BreadcrumbList","@id":"https:\/\/uwbcsp.com\/index.php\/2022\/09\/13\/camiseta-futbol-arsenal\/#breadcrumb","itemListElement":[{"@type":"ListItem","position":1,"name":"Portada","item":"https:\/\/uwbcsp.com\/"},{"@type":"ListItem","position":2,"name":"camiseta futbol arsenal"}]},{"@type":"WebSite","@id":"https:\/\/uwbcsp.com\/#website","url":"https:\/\/uwbcsp.com\/","name":"Camisetas de F\u00fatbol Shop M\u00e1s Barata","description":"Somos la tienda online No.1 de camisetas de futbol de los clubs y las selecciones nacionales.","potentialAction":[{"@type":"SearchAction","target":{"@type":"EntryPoint","urlTemplate":"https:\/\/uwbcsp.com\/?s={search_term_string}"},"query-input":{"@type":"PropertyValueSpecification","valueRequired":true,"valueName":"search_term_string"}}],"inLanguage":"es"},{"@type":"Person","@id":"https:\/\/uwbcsp.com\/#\/schema\/person\/225e5ce20a4211cd78f9637b0bd88025","name":"istern","image":{"@type":"ImageObject","inLanguage":"es","@id":"https:\/\/uwbcsp.com\/#\/schema\/person\/image\/","url":"https:\/\/secure.gravatar.com\/avatar\/441284f1d0d8248d0e8d13b9998a4fa1329ffe6b44ebd95b672e6d3e474da24a?s=96&d=mm&r=g","contentUrl":"https:\/\/secure.gravatar.com\/avatar\/441284f1d0d8248d0e8d13b9998a4fa1329ffe6b44ebd95b672e6d3e474da24a?s=96&d=mm&r=g","caption":"istern"},"sameAs":["https:\/\/uwbcsp.com"],"url":"https:\/\/uwbcsp.com\/index.php\/author\/Quetzalxochitl\/"}]}},"_links":{"self":[{"href":"https:\/\/uwbcsp.com\/index.php\/wp-json\/wp\/v2\/posts\/412","targetHints":{"allow":["GET"]}}],"collection":[{"href":"https:\/\/uwbcsp.com\/index.php\/wp-json\/wp\/v2\/posts"}],"about":[{"href":"https:\/\/uwbcsp.com\/index.php\/wp-json\/wp\/v2\/types\/post"}],"author":[{"embeddable":true,"href":"https:\/\/uwbcsp.com\/index.php\/wp-json\/wp\/v2\/users\/1"}],"replies":[{"embeddable":true,"href":"https:\/\/uwbcsp.com\/index.php\/wp-json\/wp\/v2\/comments?post=412"}],"version-history":[{"count":0,"href":"https:\/\/uwbcsp.com\/index.php\/wp-json\/wp\/v2\/posts\/412\/revisions"}],"wp:attachment":[{"href":"https:\/\/uwbcsp.com\/index.php\/wp-json\/wp\/v2\/media?parent=412"}],"wp:term":[{"taxonomy":"category","embeddable":true,"href":"https:\/\/uwbcsp.com\/index.php\/wp-json\/wp\/v2\/categories?post=412"},{"taxonomy":"post_tag","embeddable":true,"href":"https:\/\/uwbcsp.com\/index.php\/wp-json\/wp\/v2\/tags?post=412"}],"curies":[{"name":"wp","href":"https:\/\/api.w.org\/{rel}","templated":true}]}}