{"id":2162,"date":"2023-12-07T07:40:17","date_gmt":"2023-12-07T06:40:17","guid":{"rendered":"http:\/\/uwbcsp.com\/index.php\/2023\/12\/07\/camiseta-seleccion-gallega-de-futbol\/"},"modified":"2023-12-07T07:40:17","modified_gmt":"2023-12-07T06:40:17","slug":"camiseta-seleccion-gallega-de-futbol","status":"publish","type":"post","link":"https:\/\/uwbcsp.com\/index.php\/2023\/12\/07\/camiseta-seleccion-gallega-de-futbol\/","title":{"rendered":"camiseta seleccion gallega de futbol"},"content":{"rendered":"<p><span style=\"display:block;text-align:center;clear:both\"><a HREF=\"https:\/\/camisetasdefutbolshop.com\/\"><img style='max-width: 400px;' src='https:\/\/www.camisetasdefutbolshop.com\/image\/20220411SX\/camiseta-de-portero-colo-colo-2022-2023-gris-001.jpg' loading='lazy'><\/a><\/span> Una vez finalizada la competici\u00f3n el club comunicaba que no inscribir\u00eda al filial para la siguiente campa\u00f1a. El nuevo propietario desde el primer momento intenta hacerse con los servicios de Jorge Sampaoli para que se convierta en nuevo entrenador del Granada, sin embargo, el Sevilla FC, acaba contrat\u00e1ndole y el Granada CF presenta a Paco J\u00e9mez el 20 de junio de 2016, <A href=\"https:\/\/camisetasdefutbolshop.com\/\">camisetas futbol<\/A> como nuevo entrenador del club para las tres siguientes temporadas.<\/p>\n<p><span style=\"display:block;text-align:center;clear:both\"><img decoding=\"async\" loading=\"lazy\" src=\"https:\/\/camisetasdefutbolshop.com\/image\/20220913SX\/camiseta-leverkusen-2-equipacion-2022-2023-002.png\" style=\"max-width: 400px;\"><\/span><span style=\"display:block;text-align:center;clear:both\"><img decoding=\"async\" style=\"max-width: 400px;\" src=\"https:\/\/camisetasdefutbolshop.com\/image\/20220930SX\/cortavientos-corinthians-2022-2023-con-capucha-negro-001_new.jpg\" loading=\"lazy\"><\/span><span style=\"display:block;text-align:center;clear:both\"><img decoding=\"async\" style=\"max-width: 400px;\" loading=\"lazy\" src=\"https:\/\/www.camisetasdefutbolshop.com\/image\/20220411SX\/camiseta-dinamarca-hummel-x-bsl-hafnia-2022-001.png\"><\/span><span style=\"display:block;text-align:center;clear:both\"><img decoding=\"async\" loading=\"lazy\" src=\"https:\/\/www.camisetasdefutbolshop.com\/image\/20220425SX\/camiseta-de-entrenamiento-psg-2022-2023-jordan-blanco-azul-002.jpg\" style=\"max-width: 400px;\"><\/span><span style=\"display:block;text-align:center;clear:both\"><img loading='lazy' src='https:\/\/camisetasdefutbolshop.com\/image\/20220714SX\/sudadera-de-entrenamiento-holanda-2022-nino-kit-azul-oscuro-001.jpg' style='max-width: 400px;'><\/span><span style=\"display:block;text-align:center;clear:both\"><A href=\"https:\/\/camisetasdefutbolshop.com\/\" ><img style='max-width: 400px;' loading='lazy' src='https:\/\/camisetasdefutbolshop.com\/image\/20220719SX\/camiseta-de-portero-liverpool-2022-2023-purpura-002.png'><\/A><\/span><\/p>\n","protected":false},"excerpt":{"rendered":"<p>Una vez finalizada la competici\u00f3n el club comunicaba que no inscribir\u00eda al filial para la siguiente campa\u00f1a. El nuevo propietario desde el primer momento intenta hacerse con los servicios de Jorge Sampaoli para que se convierta en nuevo entrenador del Granada, sin embargo, el Sevilla FC, acaba contrat\u00e1ndole y el Granada CF presenta a Paco [&hellip;]<\/p>\n","protected":false},"author":1,"featured_media":0,"comment_status":"closed","ping_status":"closed","sticky":false,"template":"","format":"standard","meta":{"footnotes":""},"categories":[1],"tags":[],"class_list":["post-2162","post","type-post","status-publish","format-standard","hentry","category-uncategorized"],"yoast_head":"<!-- This site is optimized with the Yoast SEO plugin v26.4 - https:\/\/yoast.com\/wordpress\/plugins\/seo\/ -->\n<title>camiseta seleccion gallega de futbol - Camisetas de F\u00fatbol Shop M\u00e1s Barata<\/title>\n<meta name=\"robots\" content=\"index, follow, max-snippet:-1, max-image-preview:large, max-video-preview:-1\" \/>\n<link rel=\"canonical\" href=\"https:\/\/uwbcsp.com\/index.php\/2023\/12\/07\/camiseta-seleccion-gallega-de-futbol\/\" \/>\n<meta property=\"og:locale\" content=\"es_ES\" \/>\n<meta property=\"og:type\" content=\"article\" \/>\n<meta property=\"og:title\" content=\"camiseta seleccion gallega de futbol - Camisetas de F\u00fatbol Shop M\u00e1s Barata\" \/>\n<meta property=\"og:description\" content=\"Una vez finalizada la competici\u00f3n el club comunicaba que no inscribir\u00eda al filial para la siguiente campa\u00f1a. El nuevo propietario desde el primer momento intenta hacerse con los servicios de Jorge Sampaoli para que se convierta en nuevo entrenador del Granada, sin embargo, el Sevilla FC, acaba contrat\u00e1ndole y el Granada CF presenta a Paco [&hellip;]\" \/>\n<meta property=\"og:url\" content=\"https:\/\/uwbcsp.com\/index.php\/2023\/12\/07\/camiseta-seleccion-gallega-de-futbol\/\" \/>\n<meta property=\"og:site_name\" content=\"Camisetas de F\u00fatbol Shop M\u00e1s Barata\" \/>\n<meta property=\"article:published_time\" content=\"2023-12-07T06:40:17+00:00\" \/>\n<meta property=\"og:image\" content=\"https:\/\/www.camisetasdefutbolshop.com\/image\/20220411SX\/camiseta-de-portero-colo-colo-2022-2023-gris-001.jpg\" \/>\n<meta name=\"author\" content=\"istern\" \/>\n<meta name=\"twitter:card\" content=\"summary_large_image\" \/>\n<meta name=\"twitter:label1\" content=\"Escrito por\" \/>\n\t<meta name=\"twitter:data1\" content=\"istern\" \/>\n<script type=\"application\/ld+json\" class=\"yoast-schema-graph\">{\"@context\":\"https:\/\/schema.org\",\"@graph\":[{\"@type\":\"WebPage\",\"@id\":\"https:\/\/uwbcsp.com\/index.php\/2023\/12\/07\/camiseta-seleccion-gallega-de-futbol\/\",\"url\":\"https:\/\/uwbcsp.com\/index.php\/2023\/12\/07\/camiseta-seleccion-gallega-de-futbol\/\",\"name\":\"camiseta seleccion gallega de futbol - Camisetas de F\u00fatbol Shop M\u00e1s Barata\",\"isPartOf\":{\"@id\":\"https:\/\/uwbcsp.com\/#website\"},\"primaryImageOfPage\":{\"@id\":\"https:\/\/uwbcsp.com\/index.php\/2023\/12\/07\/camiseta-seleccion-gallega-de-futbol\/#primaryimage\"},\"image\":{\"@id\":\"https:\/\/uwbcsp.com\/index.php\/2023\/12\/07\/camiseta-seleccion-gallega-de-futbol\/#primaryimage\"},\"thumbnailUrl\":\"https:\/\/www.camisetasdefutbolshop.com\/image\/20220411SX\/camiseta-de-portero-colo-colo-2022-2023-gris-001.jpg\",\"datePublished\":\"2023-12-07T06:40:17+00:00\",\"author\":{\"@id\":\"https:\/\/uwbcsp.com\/#\/schema\/person\/225e5ce20a4211cd78f9637b0bd88025\"},\"breadcrumb\":{\"@id\":\"https:\/\/uwbcsp.com\/index.php\/2023\/12\/07\/camiseta-seleccion-gallega-de-futbol\/#breadcrumb\"},\"inLanguage\":\"es\",\"potentialAction\":[{\"@type\":\"ReadAction\",\"target\":[\"https:\/\/uwbcsp.com\/index.php\/2023\/12\/07\/camiseta-seleccion-gallega-de-futbol\/\"]}]},{\"@type\":\"ImageObject\",\"inLanguage\":\"es\",\"@id\":\"https:\/\/uwbcsp.com\/index.php\/2023\/12\/07\/camiseta-seleccion-gallega-de-futbol\/#primaryimage\",\"url\":\"https:\/\/www.camisetasdefutbolshop.com\/image\/20220411SX\/camiseta-de-portero-colo-colo-2022-2023-gris-001.jpg\",\"contentUrl\":\"https:\/\/www.camisetasdefutbolshop.com\/image\/20220411SX\/camiseta-de-portero-colo-colo-2022-2023-gris-001.jpg\"},{\"@type\":\"BreadcrumbList\",\"@id\":\"https:\/\/uwbcsp.com\/index.php\/2023\/12\/07\/camiseta-seleccion-gallega-de-futbol\/#breadcrumb\",\"itemListElement\":[{\"@type\":\"ListItem\",\"position\":1,\"name\":\"Portada\",\"item\":\"https:\/\/uwbcsp.com\/\"},{\"@type\":\"ListItem\",\"position\":2,\"name\":\"camiseta seleccion gallega de futbol\"}]},{\"@type\":\"WebSite\",\"@id\":\"https:\/\/uwbcsp.com\/#website\",\"url\":\"https:\/\/uwbcsp.com\/\",\"name\":\"Camisetas de F\u00fatbol Shop M\u00e1s Barata\",\"description\":\"Somos la tienda online No.1 de camisetas de futbol de los clubs y las selecciones nacionales.\",\"potentialAction\":[{\"@type\":\"SearchAction\",\"target\":{\"@type\":\"EntryPoint\",\"urlTemplate\":\"https:\/\/uwbcsp.com\/?s={search_term_string}\"},\"query-input\":{\"@type\":\"PropertyValueSpecification\",\"valueRequired\":true,\"valueName\":\"search_term_string\"}}],\"inLanguage\":\"es\"},{\"@type\":\"Person\",\"@id\":\"https:\/\/uwbcsp.com\/#\/schema\/person\/225e5ce20a4211cd78f9637b0bd88025\",\"name\":\"istern\",\"image\":{\"@type\":\"ImageObject\",\"inLanguage\":\"es\",\"@id\":\"https:\/\/uwbcsp.com\/#\/schema\/person\/image\/\",\"url\":\"https:\/\/secure.gravatar.com\/avatar\/441284f1d0d8248d0e8d13b9998a4fa1329ffe6b44ebd95b672e6d3e474da24a?s=96&d=mm&r=g\",\"contentUrl\":\"https:\/\/secure.gravatar.com\/avatar\/441284f1d0d8248d0e8d13b9998a4fa1329ffe6b44ebd95b672e6d3e474da24a?s=96&d=mm&r=g\",\"caption\":\"istern\"},\"sameAs\":[\"https:\/\/uwbcsp.com\"],\"url\":\"https:\/\/uwbcsp.com\/index.php\/author\/Quetzalxochitl\/\"}]}<\/script>\n<!-- \/ Yoast SEO plugin. -->","yoast_head_json":{"title":"camiseta seleccion gallega de futbol - Camisetas de F\u00fatbol Shop M\u00e1s Barata","robots":{"index":"index","follow":"follow","max-snippet":"max-snippet:-1","max-image-preview":"max-image-preview:large","max-video-preview":"max-video-preview:-1"},"canonical":"https:\/\/uwbcsp.com\/index.php\/2023\/12\/07\/camiseta-seleccion-gallega-de-futbol\/","og_locale":"es_ES","og_type":"article","og_title":"camiseta seleccion gallega de futbol - Camisetas de F\u00fatbol Shop M\u00e1s Barata","og_description":"Una vez finalizada la competici\u00f3n el club comunicaba que no inscribir\u00eda al filial para la siguiente campa\u00f1a. El nuevo propietario desde el primer momento intenta hacerse con los servicios de Jorge Sampaoli para que se convierta en nuevo entrenador del Granada, sin embargo, el Sevilla FC, acaba contrat\u00e1ndole y el Granada CF presenta a Paco [&hellip;]","og_url":"https:\/\/uwbcsp.com\/index.php\/2023\/12\/07\/camiseta-seleccion-gallega-de-futbol\/","og_site_name":"Camisetas de F\u00fatbol Shop M\u00e1s Barata","article_published_time":"2023-12-07T06:40:17+00:00","og_image":[{"url":"https:\/\/www.camisetasdefutbolshop.com\/image\/20220411SX\/camiseta-de-portero-colo-colo-2022-2023-gris-001.jpg","type":"","width":"","height":""}],"author":"istern","twitter_card":"summary_large_image","twitter_misc":{"Escrito por":"istern"},"schema":{"@context":"https:\/\/schema.org","@graph":[{"@type":"WebPage","@id":"https:\/\/uwbcsp.com\/index.php\/2023\/12\/07\/camiseta-seleccion-gallega-de-futbol\/","url":"https:\/\/uwbcsp.com\/index.php\/2023\/12\/07\/camiseta-seleccion-gallega-de-futbol\/","name":"camiseta seleccion gallega de futbol - Camisetas de F\u00fatbol Shop M\u00e1s Barata","isPartOf":{"@id":"https:\/\/uwbcsp.com\/#website"},"primaryImageOfPage":{"@id":"https:\/\/uwbcsp.com\/index.php\/2023\/12\/07\/camiseta-seleccion-gallega-de-futbol\/#primaryimage"},"image":{"@id":"https:\/\/uwbcsp.com\/index.php\/2023\/12\/07\/camiseta-seleccion-gallega-de-futbol\/#primaryimage"},"thumbnailUrl":"https:\/\/www.camisetasdefutbolshop.com\/image\/20220411SX\/camiseta-de-portero-colo-colo-2022-2023-gris-001.jpg","datePublished":"2023-12-07T06:40:17+00:00","author":{"@id":"https:\/\/uwbcsp.com\/#\/schema\/person\/225e5ce20a4211cd78f9637b0bd88025"},"breadcrumb":{"@id":"https:\/\/uwbcsp.com\/index.php\/2023\/12\/07\/camiseta-seleccion-gallega-de-futbol\/#breadcrumb"},"inLanguage":"es","potentialAction":[{"@type":"ReadAction","target":["https:\/\/uwbcsp.com\/index.php\/2023\/12\/07\/camiseta-seleccion-gallega-de-futbol\/"]}]},{"@type":"ImageObject","inLanguage":"es","@id":"https:\/\/uwbcsp.com\/index.php\/2023\/12\/07\/camiseta-seleccion-gallega-de-futbol\/#primaryimage","url":"https:\/\/www.camisetasdefutbolshop.com\/image\/20220411SX\/camiseta-de-portero-colo-colo-2022-2023-gris-001.jpg","contentUrl":"https:\/\/www.camisetasdefutbolshop.com\/image\/20220411SX\/camiseta-de-portero-colo-colo-2022-2023-gris-001.jpg"},{"@type":"BreadcrumbList","@id":"https:\/\/uwbcsp.com\/index.php\/2023\/12\/07\/camiseta-seleccion-gallega-de-futbol\/#breadcrumb","itemListElement":[{"@type":"ListItem","position":1,"name":"Portada","item":"https:\/\/uwbcsp.com\/"},{"@type":"ListItem","position":2,"name":"camiseta seleccion gallega de futbol"}]},{"@type":"WebSite","@id":"https:\/\/uwbcsp.com\/#website","url":"https:\/\/uwbcsp.com\/","name":"Camisetas de F\u00fatbol Shop M\u00e1s Barata","description":"Somos la tienda online No.1 de camisetas de futbol de los clubs y las selecciones nacionales.","potentialAction":[{"@type":"SearchAction","target":{"@type":"EntryPoint","urlTemplate":"https:\/\/uwbcsp.com\/?s={search_term_string}"},"query-input":{"@type":"PropertyValueSpecification","valueRequired":true,"valueName":"search_term_string"}}],"inLanguage":"es"},{"@type":"Person","@id":"https:\/\/uwbcsp.com\/#\/schema\/person\/225e5ce20a4211cd78f9637b0bd88025","name":"istern","image":{"@type":"ImageObject","inLanguage":"es","@id":"https:\/\/uwbcsp.com\/#\/schema\/person\/image\/","url":"https:\/\/secure.gravatar.com\/avatar\/441284f1d0d8248d0e8d13b9998a4fa1329ffe6b44ebd95b672e6d3e474da24a?s=96&d=mm&r=g","contentUrl":"https:\/\/secure.gravatar.com\/avatar\/441284f1d0d8248d0e8d13b9998a4fa1329ffe6b44ebd95b672e6d3e474da24a?s=96&d=mm&r=g","caption":"istern"},"sameAs":["https:\/\/uwbcsp.com"],"url":"https:\/\/uwbcsp.com\/index.php\/author\/Quetzalxochitl\/"}]}},"_links":{"self":[{"href":"https:\/\/uwbcsp.com\/index.php\/wp-json\/wp\/v2\/posts\/2162","targetHints":{"allow":["GET"]}}],"collection":[{"href":"https:\/\/uwbcsp.com\/index.php\/wp-json\/wp\/v2\/posts"}],"about":[{"href":"https:\/\/uwbcsp.com\/index.php\/wp-json\/wp\/v2\/types\/post"}],"author":[{"embeddable":true,"href":"https:\/\/uwbcsp.com\/index.php\/wp-json\/wp\/v2\/users\/1"}],"replies":[{"embeddable":true,"href":"https:\/\/uwbcsp.com\/index.php\/wp-json\/wp\/v2\/comments?post=2162"}],"version-history":[{"count":0,"href":"https:\/\/uwbcsp.com\/index.php\/wp-json\/wp\/v2\/posts\/2162\/revisions"}],"wp:attachment":[{"href":"https:\/\/uwbcsp.com\/index.php\/wp-json\/wp\/v2\/media?parent=2162"}],"wp:term":[{"taxonomy":"category","embeddable":true,"href":"https:\/\/uwbcsp.com\/index.php\/wp-json\/wp\/v2\/categories?post=2162"},{"taxonomy":"post_tag","embeddable":true,"href":"https:\/\/uwbcsp.com\/index.php\/wp-json\/wp\/v2\/tags?post=2162"}],"curies":[{"name":"wp","href":"https:\/\/api.w.org\/{rel}","templated":true}]}}