{"id":1486,"date":"2023-04-06T03:19:50","date_gmt":"2023-04-06T02:19:50","guid":{"rendered":"http:\/\/uwbcsp.com\/index.php\/2023\/04\/06\/camiseta-futbol-republica-checa\/"},"modified":"2023-04-06T03:19:50","modified_gmt":"2023-04-06T02:19:50","slug":"camiseta-futbol-republica-checa","status":"publish","type":"post","link":"https:\/\/uwbcsp.com\/index.php\/2023\/04\/06\/camiseta-futbol-republica-checa\/","title":{"rendered":"camiseta futbol republica checa"},"content":{"rendered":"<p><span style=\"display:block;text-align:center;clear:both\"><a href=\"https:\/\/www.camisetasdefutbolshop.com\/camiseta-ninos-292\"><img decoding=\"async\" style=\"max-width: 345px;\" src=\"https:\/\/www.camisetasdefutbolshop.com\/image\/20220112SX\/camiseta-de-entrenamiento-juventus-2021-2022-azul-01.jpg\" loading=\"lazy\"><\/a><\/span> Como fue mencionado anteriormente, fue internacional absoluto con la selecci\u00f3n chilena. Quienes les observaron, describen la relaci\u00f3n de los Reagan como cercana e \u00edntima. \u2191 Redacci\u00f3n (22 de enero de 2016). \u00abJavier Hernandez and Carli Lloyd Named 2015 CONCACAF Players of the Year\u00bb. \u2191 Redacci\u00f3n (1 de abril de 2022). \u00abNavas, Larin encabezan los XI ideal de WCQ\u00bb. Se atenuaron todos los detalles de las nuevas camisetas, incluido el logotipo y los ic\u00f3nicos galones que identifican el uniforme dan\u00e9s.<\/p>\n<p><span style=\"display:block;text-align:center;clear:both\"><img decoding=\"async\" style=\"max-width: 345px;\" loading=\"lazy\" src=\"https:\/\/camisetasdefutbolshop.com\/image\/20220805SX\/camiseta-real-betis-2-equipacion-2022-2023-nino-kit-002.jpeg\"><\/span><span style=\"display:block;text-align:center;clear:both\"><img decoding=\"async\" src=\"https:\/\/www.camisetasdefutbolshop.com\/image\/20220214SX\/camiseta-barcelona-1-equipacion-retro-1996-97-001.jpg\" loading=\"lazy\" style=\"max-width: 345px;\"><\/span><span style=\"display:block;text-align:center;clear:both\"><img decoding=\"async\" style=\"max-width: 345px;\" src=\"https:\/\/www.camisetasdefutbolshop.com\/image\/20220310SX\/camiseta-brasil-2-equipacion-retro-1988-001.jpg\" loading=\"lazy\"><\/span><span style=\"display:block;text-align:center;clear:both\"><a href=\"https:\/\/www.camisetasdefutbolshop.com\/atletico-de-madrid-es-05\"><img loading='lazy' src='https:\/\/www.camisetasdefutbolshop.com\/image\/20220222SX\/camiseta-arsenal-2021-2022-balnco-002.jpg' style='max-width: 345px;'><\/a><\/span><span style=\"display:block;text-align:center;clear:both\"><img decoding=\"async\" src=\"https:\/\/camisetasdefutbolshop.com\/image\/20220913SX\/camiseta-espana-1-equipacion-2022-mundial-001.jpg\" loading=\"lazy\" style=\"max-width: 345px;\"><\/span><\/p>\n","protected":false},"excerpt":{"rendered":"<p>Como fue mencionado anteriormente, fue internacional absoluto con la selecci\u00f3n chilena. Quienes les observaron, describen la relaci\u00f3n de los Reagan como cercana e \u00edntima. \u2191 Redacci\u00f3n (22 de enero de 2016). \u00abJavier Hernandez and Carli Lloyd Named 2015 CONCACAF Players of the Year\u00bb. \u2191 Redacci\u00f3n (1 de abril de 2022). \u00abNavas, Larin encabezan los XI [&hellip;]<\/p>\n","protected":false},"author":1,"featured_media":0,"comment_status":"open","ping_status":"open","sticky":false,"template":"","format":"standard","meta":{"footnotes":""},"categories":[1],"tags":[],"class_list":["post-1486","post","type-post","status-publish","format-standard","hentry","category-uncategorized"],"yoast_head":"<!-- This site is optimized with the Yoast SEO plugin v26.4 - https:\/\/yoast.com\/wordpress\/plugins\/seo\/ -->\n<title>camiseta futbol republica checa - Camisetas de F\u00fatbol Shop M\u00e1s Barata<\/title>\n<meta name=\"robots\" content=\"index, follow, max-snippet:-1, max-image-preview:large, max-video-preview:-1\" \/>\n<link rel=\"canonical\" href=\"https:\/\/uwbcsp.com\/index.php\/2023\/04\/06\/camiseta-futbol-republica-checa\/\" \/>\n<meta property=\"og:locale\" content=\"es_ES\" \/>\n<meta property=\"og:type\" content=\"article\" \/>\n<meta property=\"og:title\" content=\"camiseta futbol republica checa - Camisetas de F\u00fatbol Shop M\u00e1s Barata\" \/>\n<meta property=\"og:description\" content=\"Como fue mencionado anteriormente, fue internacional absoluto con la selecci\u00f3n chilena. Quienes les observaron, describen la relaci\u00f3n de los Reagan como cercana e \u00edntima. \u2191 Redacci\u00f3n (22 de enero de 2016). \u00abJavier Hernandez and Carli Lloyd Named 2015 CONCACAF Players of the Year\u00bb. \u2191 Redacci\u00f3n (1 de abril de 2022). \u00abNavas, Larin encabezan los XI [&hellip;]\" \/>\n<meta property=\"og:url\" content=\"https:\/\/uwbcsp.com\/index.php\/2023\/04\/06\/camiseta-futbol-republica-checa\/\" \/>\n<meta property=\"og:site_name\" content=\"Camisetas de F\u00fatbol Shop M\u00e1s Barata\" \/>\n<meta property=\"article:published_time\" content=\"2023-04-06T02:19:50+00:00\" \/>\n<meta property=\"og:image\" content=\"https:\/\/www.camisetasdefutbolshop.com\/image\/20220222SX\/camiseta-arsenal-2021-2022-balnco-002.jpg\" \/>\n<meta name=\"author\" content=\"istern\" \/>\n<meta name=\"twitter:card\" content=\"summary_large_image\" \/>\n<meta name=\"twitter:label1\" content=\"Escrito por\" \/>\n\t<meta name=\"twitter:data1\" content=\"istern\" \/>\n<script type=\"application\/ld+json\" class=\"yoast-schema-graph\">{\"@context\":\"https:\/\/schema.org\",\"@graph\":[{\"@type\":\"WebPage\",\"@id\":\"https:\/\/uwbcsp.com\/index.php\/2023\/04\/06\/camiseta-futbol-republica-checa\/\",\"url\":\"https:\/\/uwbcsp.com\/index.php\/2023\/04\/06\/camiseta-futbol-republica-checa\/\",\"name\":\"camiseta futbol republica checa - Camisetas de F\u00fatbol Shop M\u00e1s Barata\",\"isPartOf\":{\"@id\":\"https:\/\/uwbcsp.com\/#website\"},\"primaryImageOfPage\":{\"@id\":\"https:\/\/uwbcsp.com\/index.php\/2023\/04\/06\/camiseta-futbol-republica-checa\/#primaryimage\"},\"image\":{\"@id\":\"https:\/\/uwbcsp.com\/index.php\/2023\/04\/06\/camiseta-futbol-republica-checa\/#primaryimage\"},\"thumbnailUrl\":\"https:\/\/www.camisetasdefutbolshop.com\/image\/20220112SX\/camiseta-de-entrenamiento-juventus-2021-2022-azul-01.jpg\",\"datePublished\":\"2023-04-06T02:19:50+00:00\",\"author\":{\"@id\":\"https:\/\/uwbcsp.com\/#\/schema\/person\/225e5ce20a4211cd78f9637b0bd88025\"},\"breadcrumb\":{\"@id\":\"https:\/\/uwbcsp.com\/index.php\/2023\/04\/06\/camiseta-futbol-republica-checa\/#breadcrumb\"},\"inLanguage\":\"es\",\"potentialAction\":[{\"@type\":\"ReadAction\",\"target\":[\"https:\/\/uwbcsp.com\/index.php\/2023\/04\/06\/camiseta-futbol-republica-checa\/\"]}]},{\"@type\":\"ImageObject\",\"inLanguage\":\"es\",\"@id\":\"https:\/\/uwbcsp.com\/index.php\/2023\/04\/06\/camiseta-futbol-republica-checa\/#primaryimage\",\"url\":\"https:\/\/www.camisetasdefutbolshop.com\/image\/20220112SX\/camiseta-de-entrenamiento-juventus-2021-2022-azul-01.jpg\",\"contentUrl\":\"https:\/\/www.camisetasdefutbolshop.com\/image\/20220112SX\/camiseta-de-entrenamiento-juventus-2021-2022-azul-01.jpg\"},{\"@type\":\"BreadcrumbList\",\"@id\":\"https:\/\/uwbcsp.com\/index.php\/2023\/04\/06\/camiseta-futbol-republica-checa\/#breadcrumb\",\"itemListElement\":[{\"@type\":\"ListItem\",\"position\":1,\"name\":\"Portada\",\"item\":\"https:\/\/uwbcsp.com\/\"},{\"@type\":\"ListItem\",\"position\":2,\"name\":\"camiseta futbol republica checa\"}]},{\"@type\":\"WebSite\",\"@id\":\"https:\/\/uwbcsp.com\/#website\",\"url\":\"https:\/\/uwbcsp.com\/\",\"name\":\"Camisetas de F\u00fatbol Shop M\u00e1s Barata\",\"description\":\"Somos la tienda online No.1 de camisetas de futbol de los clubs y las selecciones nacionales.\",\"potentialAction\":[{\"@type\":\"SearchAction\",\"target\":{\"@type\":\"EntryPoint\",\"urlTemplate\":\"https:\/\/uwbcsp.com\/?s={search_term_string}\"},\"query-input\":{\"@type\":\"PropertyValueSpecification\",\"valueRequired\":true,\"valueName\":\"search_term_string\"}}],\"inLanguage\":\"es\"},{\"@type\":\"Person\",\"@id\":\"https:\/\/uwbcsp.com\/#\/schema\/person\/225e5ce20a4211cd78f9637b0bd88025\",\"name\":\"istern\",\"image\":{\"@type\":\"ImageObject\",\"inLanguage\":\"es\",\"@id\":\"https:\/\/uwbcsp.com\/#\/schema\/person\/image\/\",\"url\":\"https:\/\/secure.gravatar.com\/avatar\/441284f1d0d8248d0e8d13b9998a4fa1329ffe6b44ebd95b672e6d3e474da24a?s=96&d=mm&r=g\",\"contentUrl\":\"https:\/\/secure.gravatar.com\/avatar\/441284f1d0d8248d0e8d13b9998a4fa1329ffe6b44ebd95b672e6d3e474da24a?s=96&d=mm&r=g\",\"caption\":\"istern\"},\"sameAs\":[\"https:\/\/uwbcsp.com\"],\"url\":\"https:\/\/uwbcsp.com\/index.php\/author\/Quetzalxochitl\/\"}]}<\/script>\n<!-- \/ Yoast SEO plugin. -->","yoast_head_json":{"title":"camiseta futbol republica checa - Camisetas de F\u00fatbol Shop M\u00e1s Barata","robots":{"index":"index","follow":"follow","max-snippet":"max-snippet:-1","max-image-preview":"max-image-preview:large","max-video-preview":"max-video-preview:-1"},"canonical":"https:\/\/uwbcsp.com\/index.php\/2023\/04\/06\/camiseta-futbol-republica-checa\/","og_locale":"es_ES","og_type":"article","og_title":"camiseta futbol republica checa - Camisetas de F\u00fatbol Shop M\u00e1s Barata","og_description":"Como fue mencionado anteriormente, fue internacional absoluto con la selecci\u00f3n chilena. Quienes les observaron, describen la relaci\u00f3n de los Reagan como cercana e \u00edntima. \u2191 Redacci\u00f3n (22 de enero de 2016). \u00abJavier Hernandez and Carli Lloyd Named 2015 CONCACAF Players of the Year\u00bb. \u2191 Redacci\u00f3n (1 de abril de 2022). \u00abNavas, Larin encabezan los XI [&hellip;]","og_url":"https:\/\/uwbcsp.com\/index.php\/2023\/04\/06\/camiseta-futbol-republica-checa\/","og_site_name":"Camisetas de F\u00fatbol Shop M\u00e1s Barata","article_published_time":"2023-04-06T02:19:50+00:00","og_image":[{"url":"https:\/\/www.camisetasdefutbolshop.com\/image\/20220222SX\/camiseta-arsenal-2021-2022-balnco-002.jpg","type":"","width":"","height":""}],"author":"istern","twitter_card":"summary_large_image","twitter_misc":{"Escrito por":"istern"},"schema":{"@context":"https:\/\/schema.org","@graph":[{"@type":"WebPage","@id":"https:\/\/uwbcsp.com\/index.php\/2023\/04\/06\/camiseta-futbol-republica-checa\/","url":"https:\/\/uwbcsp.com\/index.php\/2023\/04\/06\/camiseta-futbol-republica-checa\/","name":"camiseta futbol republica checa - Camisetas de F\u00fatbol Shop M\u00e1s Barata","isPartOf":{"@id":"https:\/\/uwbcsp.com\/#website"},"primaryImageOfPage":{"@id":"https:\/\/uwbcsp.com\/index.php\/2023\/04\/06\/camiseta-futbol-republica-checa\/#primaryimage"},"image":{"@id":"https:\/\/uwbcsp.com\/index.php\/2023\/04\/06\/camiseta-futbol-republica-checa\/#primaryimage"},"thumbnailUrl":"https:\/\/www.camisetasdefutbolshop.com\/image\/20220112SX\/camiseta-de-entrenamiento-juventus-2021-2022-azul-01.jpg","datePublished":"2023-04-06T02:19:50+00:00","author":{"@id":"https:\/\/uwbcsp.com\/#\/schema\/person\/225e5ce20a4211cd78f9637b0bd88025"},"breadcrumb":{"@id":"https:\/\/uwbcsp.com\/index.php\/2023\/04\/06\/camiseta-futbol-republica-checa\/#breadcrumb"},"inLanguage":"es","potentialAction":[{"@type":"ReadAction","target":["https:\/\/uwbcsp.com\/index.php\/2023\/04\/06\/camiseta-futbol-republica-checa\/"]}]},{"@type":"ImageObject","inLanguage":"es","@id":"https:\/\/uwbcsp.com\/index.php\/2023\/04\/06\/camiseta-futbol-republica-checa\/#primaryimage","url":"https:\/\/www.camisetasdefutbolshop.com\/image\/20220112SX\/camiseta-de-entrenamiento-juventus-2021-2022-azul-01.jpg","contentUrl":"https:\/\/www.camisetasdefutbolshop.com\/image\/20220112SX\/camiseta-de-entrenamiento-juventus-2021-2022-azul-01.jpg"},{"@type":"BreadcrumbList","@id":"https:\/\/uwbcsp.com\/index.php\/2023\/04\/06\/camiseta-futbol-republica-checa\/#breadcrumb","itemListElement":[{"@type":"ListItem","position":1,"name":"Portada","item":"https:\/\/uwbcsp.com\/"},{"@type":"ListItem","position":2,"name":"camiseta futbol republica checa"}]},{"@type":"WebSite","@id":"https:\/\/uwbcsp.com\/#website","url":"https:\/\/uwbcsp.com\/","name":"Camisetas de F\u00fatbol Shop M\u00e1s Barata","description":"Somos la tienda online No.1 de camisetas de futbol de los clubs y las selecciones nacionales.","potentialAction":[{"@type":"SearchAction","target":{"@type":"EntryPoint","urlTemplate":"https:\/\/uwbcsp.com\/?s={search_term_string}"},"query-input":{"@type":"PropertyValueSpecification","valueRequired":true,"valueName":"search_term_string"}}],"inLanguage":"es"},{"@type":"Person","@id":"https:\/\/uwbcsp.com\/#\/schema\/person\/225e5ce20a4211cd78f9637b0bd88025","name":"istern","image":{"@type":"ImageObject","inLanguage":"es","@id":"https:\/\/uwbcsp.com\/#\/schema\/person\/image\/","url":"https:\/\/secure.gravatar.com\/avatar\/441284f1d0d8248d0e8d13b9998a4fa1329ffe6b44ebd95b672e6d3e474da24a?s=96&d=mm&r=g","contentUrl":"https:\/\/secure.gravatar.com\/avatar\/441284f1d0d8248d0e8d13b9998a4fa1329ffe6b44ebd95b672e6d3e474da24a?s=96&d=mm&r=g","caption":"istern"},"sameAs":["https:\/\/uwbcsp.com"],"url":"https:\/\/uwbcsp.com\/index.php\/author\/Quetzalxochitl\/"}]}},"_links":{"self":[{"href":"https:\/\/uwbcsp.com\/index.php\/wp-json\/wp\/v2\/posts\/1486","targetHints":{"allow":["GET"]}}],"collection":[{"href":"https:\/\/uwbcsp.com\/index.php\/wp-json\/wp\/v2\/posts"}],"about":[{"href":"https:\/\/uwbcsp.com\/index.php\/wp-json\/wp\/v2\/types\/post"}],"author":[{"embeddable":true,"href":"https:\/\/uwbcsp.com\/index.php\/wp-json\/wp\/v2\/users\/1"}],"replies":[{"embeddable":true,"href":"https:\/\/uwbcsp.com\/index.php\/wp-json\/wp\/v2\/comments?post=1486"}],"version-history":[{"count":0,"href":"https:\/\/uwbcsp.com\/index.php\/wp-json\/wp\/v2\/posts\/1486\/revisions"}],"wp:attachment":[{"href":"https:\/\/uwbcsp.com\/index.php\/wp-json\/wp\/v2\/media?parent=1486"}],"wp:term":[{"taxonomy":"category","embeddable":true,"href":"https:\/\/uwbcsp.com\/index.php\/wp-json\/wp\/v2\/categories?post=1486"},{"taxonomy":"post_tag","embeddable":true,"href":"https:\/\/uwbcsp.com\/index.php\/wp-json\/wp\/v2\/tags?post=1486"}],"curies":[{"name":"wp","href":"https:\/\/api.w.org\/{rel}","templated":true}]}}